{"id":1560,"date":"2022-04-18T13:38:10","date_gmt":"2022-04-18T16:38:10","guid":{"rendered":"http:\/\/fernandabellicieri.com\/e-se-hoje\/"},"modified":"2022-08-27T18:02:53","modified_gmt":"2022-08-27T21:02:53","slug":"e-se-hoje","status":"publish","type":"post","link":"https:\/\/fernandabellicieri.com\/it\/e-se-hoje\/","title":{"rendered":"E se hoje&#8230;"},"content":{"rendered":"<p>Se esse fosse o \u00faltimo tom, o \u00faltimo dom;<\/p>\n<p>A \u00faltima nota antes do fim&#8230;<\/p>\n<p>Se nesse dia houvesse o pren\u00fancio de uma \u00faltima noite,<\/p>\n<p>Com ares e estrelas e todas as vozes dizendo adeus.<\/p>\n<p>Se hoje n\u00e3o fosse mais hoje<\/p>\n<p>Mas algo de se lembrar, ponto final de frase<\/p>\n<p>Em que ficam mais vivas as imagens descritas,<\/p>\n<p>Mais vivas porque se foram, deixando a saudade<\/p>\n<p>Se hoje desse, a passos contados, a curva faltante da trajet\u00f3ria,<\/p>\n<p>Aquela que encaminha linha de chegada<\/p>\n<p>Se hoje soubesse que n\u00e3o mais veria, exceto marcas -mem\u00f3rias,<\/p>\n<p>Cada gente, poeira ou bicho,<\/p>\n<p>Cada cor que se pinta aos olhosSe esse hoje viesse como nunca,<\/p>\n<div><img decoding=\"async\" class=\"aligncenter\" src=\"https:\/\/uploads-ssl.webflow.com\/5cf96b419c5f05509f54fbc1\/5e50de11f5fa1a256105e5ce_co%CC%81pia%20de%20pink3%20-%20co%CC%81pia.png\" \/><\/div>\n<p>Satisfazer-me o desejo de n\u00e3o ressentimentos<\/p>\n<p>Viesse contente apagar-me o desespero,<\/p>\n<p>Viesse irrestrito, curando qualquer dor<\/p>\n<p>Se esse hoje eu soubesse o \u00faltimo hoje,<\/p>\n<p>Em toda vontade que at\u00e9 ent\u00e3o n\u00e3o se fez<\/p>\n<p>Se esse hoje eu soubesse o \u00faltimo hoje&#8230;.<\/p>\n<p>Jamais seria o mesmo\u2026<\/p>\n<p>\u200d<\/p>\n<p>Porque ent\u00e3o se concretizaria toda desconstru\u00e7\u00e3o daquele eu-ontem,<\/p>\n<p>Que persegue e espreita, lamentando erros e gan\u00e2ncias,<\/p>\n<p>Bem aqui, um passo atr\u00e1s.<\/p>\n<p>Implodiriam-se as tolas verdades,<\/p>\n<p>As vidas iguais, os quereres compulsivos por n\u00e3o-ter;<\/p>\n<p>Que s\u00f3 se quer para n\u00e3o se ter,<\/p>\n<p>Para se ocupar de tal amanh\u00e3 promiss\u00f3rio,<\/p>\n<p>De um tal amanh\u00e3 que nunca ser\u00e1 esse hoje declarado<\/p>\n<p>Implodiriam-me miolos e falsas v\u00edsceras,<\/p>\n<p>Programadas para serem humanas<\/p>\n<p>E t\u00e3o completamente irregulares em sentido:<\/p>\n<p>O corpo caminhando sentido contr\u00e1rio,<\/p>\n<p>Querendo-se futuro, em p\u00e9s de marcha r\u00e9<\/p>\n<p>R\u00e9u<\/p>\n<p>Querendo-se futuro, por exclusivamente pret\u00e9rito<\/p>\n<p>Preterido<\/p>\n<p>Querendo-se futuro,<\/p>\n<p>Pelo medo desse hoje que liberta<\/p>\n<p>Presente<\/p>\n<div><img decoding=\"async\" class=\"aligncenter\" src=\"https:\/\/uploads-ssl.webflow.com\/5cf96b419c5f05509f54fbc1\/5e50df40d399233d2d50aff0_co%CC%81pia%20de%20pink3.png\" \/><\/div>\n<p>\u200d<\/p>\n<p>\u200dE se essa rua,<\/p>\n<p>Se essa rua onde caminho hoje\u2026<\/p>\n<p>Ah\u2026 saberia and\u00e1-la como quem teima \u00a0a \u00faltima chance de salvar algo,<\/p>\n<p>At\u00e9 mais importante que si<\/p>\n<p>Se essa rua fosse minha, hoje<\/p>\n<p>N\u00e3o construiria nada,<\/p>\n<p>Andaria nu, colorido, de peito e riso derradeiros,<\/p>\n<p>Agradecido por ser dono de uma \u00faltima imagem<\/p>\n<p>\u00daltima e pr\u00f3pria<\/p>\n<p>\u200d<\/p>\n<p>Um presente de ser livre,<\/p>\n<p>Presentes<\/p>\n<p>Que s\u00f3 presentes somos livre<\/p>\n<p>De resto se \u00e9 corrente, recorrente<\/p>\n<p>Cadeado e sombra<\/p>\n<p>Assombra\u00e7\u00e3o<\/p>\n<p>Se s\u00f3 esse hoje \u00e9 garantia,<\/p>\n<p>Porque todo hoje \u00e9 o \u00faltimo<\/p>\n<p>E \u00e9 no limite que se voam asas n\u00e3o mec\u00e2nicas<\/p>\n<p>Asas mais que p\u00e1ssaros,<\/p>\n<p>Porque asas que se conquistaram, n\u00e3o foram dadas<\/p>\n<p>N\u00e3o ao acaso<\/p>\n<p>Asas da vida presenteada,<\/p>\n<p>Da vida agora,<\/p>\n<p>Vide o agora<\/p>\n<p>Na surpresa de ser<\/p>\n<p>Se esse fosse o hoje decisivo,<\/p>\n<p>Faria todo o meu melhor:<\/p>\n<p>Largaria d\u00favidas, espancaria solid\u00f5es<\/p>\n<p>Faria minhas, as iniciativas<\/p>\n<p>Correria campos e cal\u00e7adas<\/p>\n<p>Sorriria aos prantos,<\/p>\n<p>Semearia \u00e1rvores \u00e0 eternidade<\/p>\n<p>Julgaria todos como inocentes,<\/p>\n<p>Aptos e dignos de qualquer querer<\/p>\n<p>N\u00e3o aquele de se querer em intuitos de ludibriar aten\u00e7\u00f5es<\/p>\n<p>E desvi\u00e1-las do que se tem;<\/p>\n<p>Mas o querer de se fazer multiplicar,<\/p>\n<p>Transformando o que j\u00e1 se \u00e9<\/p>\n<p>Presenteando-se: hoje<\/p>\n<p>Que hoje pode ser a \u00faltima chance<\/p>\n<p>Quem dir\u00e1 contr\u00e1rio?<\/p>\n<p>E se hoje &#8220;for &#8220;, n\u00e3o &#8220;fosse &#8220;?<\/p>\n<p>E se hoje for, realmente, o \u00faltimo hoje?<\/p>\n<p>Se for hoje, ent\u00e3o\u2026<\/p>\n<p>Quem sou eu em minha \u00faltima chance?<\/p>\n<p>Quem seria, em alerta de fim?<\/p>\n<p>S\u00f3 esse responde verdadeiro<\/p>\n<p>S\u00f3 esse existe<\/p>\n<p>Um eu,<\/p>\n<p>Salvo pela emin\u00eancia do fim\u2026<\/p>\n<p>Um fim, de si mesmo<\/p>\n<p>E esse \u00e9 sempre hoje,<\/p>\n<p>Porque vive<\/p>\n<p>Mas s\u00f3 ainda<\/p>\n<p>Ent\u00e3o vide hoje<\/p>\n<p>Vive enquanto \u00e9 tempo<\/p>\n<p>\u200d<\/p>","protected":false},"excerpt":{"rendered":"<p>Se esse fosse o \u00faltimo tom, o \u00faltimo dom; A \u00faltima nota antes do fim&#8230; Se nesse dia houvesse o pren\u00fancio de uma \u00faltima noite, Com ares e estrelas e todas as vozes dizendo adeus. Se hoje n\u00e3o fosse mais hoje Mas algo de se lembrar, ponto final de frase Em que ficam mais vivas [&hellip;]<\/p>\n","protected":false},"author":2,"featured_media":2112,"comment_status":"open","ping_status":"open","sticky":false,"template":"","format":"standard","meta":{"_et_pb_use_builder":"","_et_pb_old_content":"","_et_gb_content_width":"","footnotes":""},"categories":[50],"tags":[],"class_list":["post-1560","post","type-post","status-publish","format-standard","has-post-thumbnail","hentry","category-anima_in_cronica"],"_links":{"self":[{"href":"https:\/\/fernandabellicieri.com\/it\/wp-json\/wp\/v2\/posts\/1560","targetHints":{"allow":["GET"]}}],"collection":[{"href":"https:\/\/fernandabellicieri.com\/it\/wp-json\/wp\/v2\/posts"}],"about":[{"href":"https:\/\/fernandabellicieri.com\/it\/wp-json\/wp\/v2\/types\/post"}],"author":[{"embeddable":true,"href":"https:\/\/fernandabellicieri.com\/it\/wp-json\/wp\/v2\/users\/2"}],"replies":[{"embeddable":true,"href":"https:\/\/fernandabellicieri.com\/it\/wp-json\/wp\/v2\/comments?post=1560"}],"version-history":[{"count":0,"href":"https:\/\/fernandabellicieri.com\/it\/wp-json\/wp\/v2\/posts\/1560\/revisions"}],"wp:featuredmedia":[{"embeddable":true,"href":"https:\/\/fernandabellicieri.com\/it\/wp-json\/wp\/v2\/media\/2112"}],"wp:attachment":[{"href":"https:\/\/fernandabellicieri.com\/it\/wp-json\/wp\/v2\/media?parent=1560"}],"wp:term":[{"taxonomy":"category","embeddable":true,"href":"https:\/\/fernandabellicieri.com\/it\/wp-json\/wp\/v2\/categories?post=1560"},{"taxonomy":"post_tag","embeddable":true,"href":"https:\/\/fernandabellicieri.com\/it\/wp-json\/wp\/v2\/tags?post=1560"}],"curies":[{"name":"wp","href":"https:\/\/api.w.org\/{rel}","templated":true}]}}