{"id":1538,"date":"2022-04-18T13:38:09","date_gmt":"2022-04-18T16:38:09","guid":{"rendered":"http:\/\/fernandabellicieri.com\/o-corredor\/"},"modified":"2022-08-27T18:19:35","modified_gmt":"2022-08-27T21:19:35","slug":"o-corredor","status":"publish","type":"post","link":"https:\/\/fernandabellicieri.com\/it\/o-corredor\/","title":{"rendered":"O corredor"},"content":{"rendered":"<p>O outro l\u00e1, passos \u00e0 frente.<\/p>\n<p>Talvez duas ou tr\u00eas velocidades mais impetuosas e o alcan\u00e7aria. Seria tr\u00e9gua ao desejo de vingan\u00e7a, alcan\u00e7ar o advers\u00e1rio postado \u00e0 frente; e logo, em alguma corrente de vontade , tomar-se em vantagem . Seria tr\u00e9gua \u00e0 voracidade-vingan\u00e7a, guardada ferida exposta , cutucando cada p\u00e9 andado durante o percurso. Seria libertar-se, ultrapassar o advers\u00e1rio .<\/p>\n<p>Passo, passo, passo, passo. Alguma pouca velocidade insistindo-se mais, e o ultrapassaria; advers\u00e1rio de quem sempre conhecera somente as costas; sempre colocado \u00e0 dist\u00e2ncia, muito al\u00e9m; campe\u00e3o que jamais me imaginara . Ou melhor , imaginar era o que s\u00f3 fazia ; mas existem diferen\u00e7as entre sonho e o p\u00e9 na realidade. Essa chutava-me est\u00f4mago , cada vez que , deparando meu horizonte , encontrava a figura do advers\u00e1rio , milhas \u00e0 frente ; muito mais pr\u00f3ximo \u00e0 linha final .<\/p>\n<p>E desde in\u00edcio foi assim que me conheci, um guardador de costas advers\u00e1rias.Aprender a ater-se combatendo a pr\u00f3pria ira, que quase devorava-me esperan\u00e7as, talvez tenha sido a maior li\u00e7\u00e3o. Dessa ira , em princ\u00edpio , resignada e at\u00e9 doen\u00e7a ,cresceu um abscesso ( acho que o peito ) ; cresceu um cora\u00e7\u00e3o obsessivo por n\u00e3o-limites. Dessa ira que , pensei , desgovernaria-me ; surgiu o \u00fanico acesso \u00e0 estrada de p\u00e9 na realidade de anseios concretizados . Surgiu a garra ,arranhando-me a embalagem resignada ; fazendo-me explodir em outro , o verdadeiro competidor; aquele que n\u00e3o importa-se da batalha, mas de si pr\u00f3prio em jogo .<\/p>\n<p>Esse outro , de quem nem me conhecia . Esse outro , liberto de dominadores ; \u00e9 esse quem ocupa-me os p\u00e9s a avista , logo em frente ,duas-tr\u00eas velocidades diferen\u00e7as , o advers\u00e1rio que sempre dera-me as costas .E esse outro , t\u00e3o merecidamente eu ,quem vibrar\u00e1 ultrapassagem ; em nome de anos encolhidos e sonhos de vit\u00f3ria que , mesmo esperan\u00e7osos , desacreditavam de linha final .<\/p>\n<p>Afinal , ainda encontravam-se em in\u00edcio percurso , absortos em percal\u00e7os . Usavam-se em p\u00e9s descal\u00e7os , pouco apropriados a longas dist\u00e2ncias. A tal raiva-abscesso , despontada de uma inverdade que dizia-me n\u00e3o merecedor , quem ensinou a cal\u00e7ar-me , p\u00e9 ante p\u00e9 , cada passo , um novo uso-treino . Raiva preparat\u00f3ria ; criou-me esse , a poucos espa\u00e7os de uma virada ; quase-quase \u00e0 altura do advers\u00e1rio , de quem s\u00f3 se conhecia as costas. O nome pelo qual o conhecia: advers\u00e1rio de costas ; e nada mais sabia dele ,exceto que queria tomar-lhe o lugar . Exceto que a raiva da derrota que criara-me outro , muito mais forte que em ingenuidades de principiante ; a raiva cobrava-me vingan\u00e7a .<\/p>\n<p>Uma e menos velocidades e j\u00e1 estar\u00edamos equiparados. O fulano devia estar cansado, quem nem fez men\u00e7\u00e3o de apertar-se em mais pernas; nem acelerou. \u00a0Meia velocidade&#8230;Menos, menos&#8230; Est\u00e1vamos lado a lado; o advers\u00e1rio j\u00e1 n\u00e3o dava-me mais as costas. Ofereceu-se, em lugar, horizonte que me cabia: ningu\u00e9m a roubar-me paisagens de futuro; ningu\u00e9m adiante; fosse vers\u00e3o frente ou verso. Horizonte \u00a0descortinava-me vitorioso.<\/p>\n<p>Ent\u00e3o a vontade premiada fez-se mais segura, agarrando-me o corpo em \u00fanico sentido; concretizar-me p\u00e9s firmes e sonho. Acelerei e, de repente, era eu a dar costas ao advers\u00e1rio; eu, tomando r\u00e9deas da competi\u00e7\u00e3o. E o vigor, que estive certo, de que ap\u00f3s \u00a0a raiva vingada, diminuiria; o vigor fez-se em ainda maiores velocidades. Senti que voava; o advers\u00e1rio ia ficando para tr\u00e1s; milhas, quil\u00f4metros, qualquer unidade de medida. O advers\u00e1rio sumiu-se de meus dias de ent\u00e3o . Tive at\u00e9 a impress\u00e3o de que desistiu do percurso assim que o ultrapassei .<\/p>\n<p>N\u00e3o havia qualquer sinal amea\u00e7a perseguindo-me. Deve ter parado pelo caminho &#8230; Talvez n\u00e3o tenha tido a sorte de adquirir raiva abscesso , capaz de alimentar ganas de vit\u00f3ria futuro . Ou a tenha adquirido e , n\u00e3o sabendo como us\u00e1-la, ela o tenha devorado as vontades . Ou ainda , o advers\u00e1rio pode n\u00e3o ter sido capaz de subtrair minhas costas de seus horizontes .<\/p>\n<p>Quest\u00e3o de treinamento ; vai ver , faltava-lhe &#8230;<\/p>\n<p>Talvez n\u00e3o tenha tido a sorte de adquirir raiva abcesso capaz de alimentar ganas de vit\u00f3ria-futuro. Ou talvez tenha adquirido, e n\u00e3o sabendo como us\u00e1-la, ela o tenha devorado as vontades. Ou ainda, o advers\u00e1rio pode n\u00e3o ter sido capaz de subtrair minhas costas de seu horizonte. Quest\u00e3o de treinamento; vai ver faltava-lhe&#8230;<\/p>\n<p>Tive at\u00e9 vontade de olhar para tr\u00e1s, certificar-me do sumi\u00e7o do fulano, ou mesmo, caso ele ainda estivesse no caminho, conhecer-lhe a face.<\/p>\n<p>Tive vontade, mas algo me brecou; acho que a vingan\u00e7a, j\u00e1 suficientemente satisfeita. A vista clara de meu horizonte merecia muito mais aten\u00e7\u00e3o do que o advers\u00e1rio.<\/p>\n<p>Al\u00e9m do que, o caminho livre fazia-me quase certa de que advers\u00e1rio nunca tinha existido. A sensa\u00e7\u00e3o de que tinham sido , o tempo todo do percurso, minhas pr\u00f3prias costas fazendo-me frente . S\u00f3 que as havia interpretado mal : n\u00e3o eram advers\u00e1rias , nem inimigas; apenas guiavam-me caminho.<\/p>\n<p>N\u00e3o tinha existido advers\u00e1rio algum; era eu , o tempo todo , logo ali na frente . Um eu futuro , projetado vit\u00f3ria; instigando-me, o eu presente, a tomar-lhe o lugar . O que eu chamava advers\u00e1rio, era o eu do sonho , esperando que o eu cal\u00e7ado a p\u00e9s de treinamento , o eu da busca , ultrapassasse-lhe . O que me houve de alegria satisfeita , a que chamei vingan\u00e7a , n\u00e3o foi vingan\u00e7a .<\/p>\n<p>Confraterniza\u00e7\u00e3o : ganhei-me, em horizonte limpo.<\/p>\n<p>\u200d<\/p>","protected":false},"excerpt":{"rendered":"<p>O outro l\u00e1, passos \u00e0 frente. Talvez duas ou tr\u00eas velocidades mais impetuosas e o alcan\u00e7aria. Seria tr\u00e9gua ao desejo de vingan\u00e7a, alcan\u00e7ar o advers\u00e1rio postado \u00e0 frente; e logo, em alguma corrente de vontade , tomar-se em vantagem . Seria tr\u00e9gua \u00e0 voracidade-vingan\u00e7a, guardada ferida exposta , cutucando cada p\u00e9 andado durante o percurso. [&hellip;]<\/p>\n","protected":false},"author":2,"featured_media":2181,"comment_status":"open","ping_status":"open","sticky":false,"template":"","format":"standard","meta":{"_et_pb_use_builder":"","_et_pb_old_content":"","_et_gb_content_width":"","footnotes":""},"categories":[50],"tags":[],"class_list":["post-1538","post","type-post","status-publish","format-standard","has-post-thumbnail","hentry","category-anima_in_cronica"],"_links":{"self":[{"href":"https:\/\/fernandabellicieri.com\/it\/wp-json\/wp\/v2\/posts\/1538","targetHints":{"allow":["GET"]}}],"collection":[{"href":"https:\/\/fernandabellicieri.com\/it\/wp-json\/wp\/v2\/posts"}],"about":[{"href":"https:\/\/fernandabellicieri.com\/it\/wp-json\/wp\/v2\/types\/post"}],"author":[{"embeddable":true,"href":"https:\/\/fernandabellicieri.com\/it\/wp-json\/wp\/v2\/users\/2"}],"replies":[{"embeddable":true,"href":"https:\/\/fernandabellicieri.com\/it\/wp-json\/wp\/v2\/comments?post=1538"}],"version-history":[{"count":0,"href":"https:\/\/fernandabellicieri.com\/it\/wp-json\/wp\/v2\/posts\/1538\/revisions"}],"wp:featuredmedia":[{"embeddable":true,"href":"https:\/\/fernandabellicieri.com\/it\/wp-json\/wp\/v2\/media\/2181"}],"wp:attachment":[{"href":"https:\/\/fernandabellicieri.com\/it\/wp-json\/wp\/v2\/media?parent=1538"}],"wp:term":[{"taxonomy":"category","embeddable":true,"href":"https:\/\/fernandabellicieri.com\/it\/wp-json\/wp\/v2\/categories?post=1538"},{"taxonomy":"post_tag","embeddable":true,"href":"https:\/\/fernandabellicieri.com\/it\/wp-json\/wp\/v2\/tags?post=1538"}],"curies":[{"name":"wp","href":"https:\/\/api.w.org\/{rel}","templated":true}]}}