{"id":1581,"date":"2022-04-18T13:38:11","date_gmt":"2022-04-18T16:38:11","guid":{"rendered":"http:\/\/fernandabellicieri.com\/crianca-me\/"},"modified":"2022-08-27T17:43:46","modified_gmt":"2022-08-27T20:43:46","slug":"crianca-me","status":"publish","type":"post","link":"http:\/\/fernandabellicieri.com\/it\/crianca-me\/","title":{"rendered":"Crian\u00e7a-me"},"content":{"rendered":"<p>Queria fossem brinquedos, essas pe\u00e7as que articulo, desengon\u00e7ado, com as m\u00e3os. Queria que me inspirassem alguma, formato racional; o melhor encaixe, eureka ou esses tipos de insight. Queria fossem de desenho animado, bons humores e coloridos infantis, esses personagens que me cercam.<\/p>\n<p>N\u00e3o seria mais f\u00e1cil, existir infantil? Plenas possibilidades e de tudo solu\u00e7\u00e3o. Por que a tal crian\u00e7a n\u00e3o me visita e traz os dons de recome\u00e7o ? Por que n\u00e3o monta-me o quebra-cabe\u00e7a? Que os miolos j\u00e1 doem, batendo-se uns em outros, tal carrinho de parque divers\u00e3o. Miolos tumultuam, tumultuam e, depois de certo tempo cronometrado, desligam; deixando-se por fazer. Fazendo restar a sensa\u00e7\u00e3o de que nada conclu\u00edram .<\/p>\n<p>Carrinho bate-bate causava sentimento assim: depois que paravam deixavam gosto de querer mais. S\u00f3 que em caso de miolos, n\u00e3o \u00e9 a prazer que me refiro; o que miolos deixam por fazer \u00e9 tarefa-obriga\u00e7\u00e3o. Quando desligam desativam qualquer id\u00e9ia solu\u00e7\u00e3o que me venha em socorro \u00e0 vida adulta desgostosa.<\/p>\n<p>Miolos acabam atrapalhando. \u00a0Lig\u00e1-los novamente n\u00e3o \u00e9 vontade pr\u00f3pria ou entusiasmo, tal crian\u00e7a em carrinho bate-bate. Acion\u00e1-los \u00e9 org\u00e2nico, \u00e9 de infelizmente. Se ao menos funcionassem&#8230; Mas s\u00f3 fazem ansiedades. Debatem-se em pensamentos contr\u00e1rios; exaurem for\u00e7as e puf! Paf! Desligam. Essa a rotina: n\u00e3o surge bom efeito algum .<\/p>\n<p>Bem -feito, bem-feito! Zomba-me a crian\u00e7a. Aquela minha, que se daria t\u00e3o bem articulando as pe\u00e7as que carrego, desajeitado, nas m\u00e3os; ou ainda, rindo-se dos personagens caricatos que me cercam. Aquela crian\u00e7a adoraria pint\u00e1-los palha\u00e7os, coloc\u00e1-los em boca <em>falatriz <\/em>cheia de formigas vermelhas; ou quem sabe, apag\u00e1-los de vez. Ou mesmo, a crian\u00e7a ainda sendo boa, apagar-lhes s\u00f3 os defeitos.<\/p>\n<p>N\u00e3o, n\u00e3o creio\u2026 Talvez a crian\u00e7a quisesse carregar-lhes defeitos ainda mais evidentes: um nariz desproporcional ao mais intrometido; uma orelha abano ao curioso; l\u00edngua rendida, pesando toneladas de arrastar no ch\u00e3o, ao fulano maledicente. A crian\u00e7a brincaria-lhes em todo poss\u00edvel.<\/p>\n<p>Bem -feito \u00e9 o que me diz, quando enxerga-me t\u00e3o despreparado para lidar com elementos; nem a pr\u00f3pria cabe\u00e7a, no bate-bate dos miolos, seguro direito. Um \u201cBem-feito!\u201d mai\u00fasculo atira-me alvo f\u00e1cil, a crian\u00e7a, e seu dardo certeiro de acumular pontos vitoriosos. Bem-feito! Ati\u00e7ando-me \u00e2nimos raivosos, quase fazendo-me pai autorit\u00e1rio, em \u00edmpetos de dar-lhe uma surra. Crian\u00e7a mais malcriada! Vem acusar-me incompetente; assim, escancaradamente. Assim, irrespons\u00e1vel, rindo-se de mim, correndo pega-pegas , equilibrando bambol\u00eas , patinando rodas . Ai, se a pego de jeito &#8230;<\/p>\n<p>Mas a peste foge-me: pega-pega, pega-esconde, pic-pic&#8230; Diacho de crian\u00e7a! E remeda-me, imita-me o jeito desengon\u00e7ado, adulto, de lidar com redores, com pe\u00e7as desencaixes e personagens intrag\u00e1veis. Ri-se deles e de mim, corre-esconde. Diacho de crian\u00e7a, se a pego&#8230; Mas por mais que persiga, escapa-me das m\u00e3os. Bem-feito \u00e9 o que me dizem, crian\u00e7a e miolos desgovernados. Bem-feito a esse meu mundo descontente e avesso. Bem-feito por n\u00e3o ter confiado aos dons de inf\u00e2ncia a toda vida; n\u00e3o apenas a de primeiros passos, mas a toda, toda vida. Bem-feito , bem-feito \u2026<\/p>\n<p>Que horas seriam? J\u00e1 era tarde demais? J\u00e1 era de carruagens virarem ab\u00f3boras e pessoas encrudescerem definitivamente? J\u00e1 era fim de conto de fada e caso de perder os p\u00e9s, nem mais os sapatos? J\u00e1 era tarde-tarde; tanto que o \u00fanico meio era desistir dos passos?<\/p>\n<p>Foi ent\u00e3o que a encontrei, escondida atr\u00e1s de mim, bem pr\u00f3xima, bem \u00e0 espreita; sorrindo-me sarcasmos, sorrindo-me s\u00f3 larguras\u2026 A crian\u00e7a escondia-se, <em>desenscondendo<\/em>, esperando que eu a encontrasse simplesmente olhando para tr\u00e1s e reconhecendo-a, ainda e em tempo, \u00a0todo tempo, minha crian\u00e7a. N\u00e3o tive como apanh\u00e1-la na surra prometida. Dei-lhe o presente, o meu presente; e tamb\u00e9m o futuro que ela tanto queria.<\/p>\n<p>Coloquei em suas m\u00e3os as pe\u00e7as em desencaixe, os personagens que me aterrorizavam, os miolos entontecidos. Sorriu-me agradecida e um abra\u00e7o.<\/p>\n<p>E seguiu, andando-me por a\u00ed, em toda sua maestria manipuladora de bonecos, solu\u00e7\u00f5es, caminhos e inventividades. Seguiu-me\u2026 acho que tomando-me o lugar do adulto em desuso, sempre desgastado. C<em>rian\u00e7a-me<\/em> \u00a0sorria novas fronteiras. Bem-feito&#8230; O mais bem-feito que podia ter realizado: dar em m\u00e3os crian\u00e7as o presente de guiar-me os passos adiante .<\/p>\n<p class=\"w-richtext-figure-type-image w-richtext-align-fullwidth\" style=\"max-width: 800px;\" data-rt-type=\"image\" data-rt-align=\"fullwidth\" data-rt-max-width=\"800px\">","protected":false},"excerpt":{"rendered":"<p>Queria fossem brinquedos, essas pe\u00e7as que articulo, desengon\u00e7ado, com as m\u00e3os. Queria que me inspirassem alguma, formato racional; o melhor encaixe, eureka ou esses tipos de insight. Queria fossem de desenho animado, bons humores e coloridos infantis, esses personagens que me cercam. N\u00e3o seria mais f\u00e1cil, existir infantil? Plenas possibilidades e de tudo solu\u00e7\u00e3o. Por [&hellip;]<\/p>\n","protected":false},"author":2,"featured_media":2091,"comment_status":"open","ping_status":"open","sticky":false,"template":"","format":"standard","meta":{"_et_pb_use_builder":"","_et_pb_old_content":"","_et_gb_content_width":"","footnotes":""},"categories":[50],"tags":[],"class_list":["post-1581","post","type-post","status-publish","format-standard","has-post-thumbnail","hentry","category-anima_in_cronica"],"_links":{"self":[{"href":"http:\/\/fernandabellicieri.com\/it\/wp-json\/wp\/v2\/posts\/1581","targetHints":{"allow":["GET"]}}],"collection":[{"href":"http:\/\/fernandabellicieri.com\/it\/wp-json\/wp\/v2\/posts"}],"about":[{"href":"http:\/\/fernandabellicieri.com\/it\/wp-json\/wp\/v2\/types\/post"}],"author":[{"embeddable":true,"href":"http:\/\/fernandabellicieri.com\/it\/wp-json\/wp\/v2\/users\/2"}],"replies":[{"embeddable":true,"href":"http:\/\/fernandabellicieri.com\/it\/wp-json\/wp\/v2\/comments?post=1581"}],"version-history":[{"count":0,"href":"http:\/\/fernandabellicieri.com\/it\/wp-json\/wp\/v2\/posts\/1581\/revisions"}],"wp:featuredmedia":[{"embeddable":true,"href":"http:\/\/fernandabellicieri.com\/it\/wp-json\/wp\/v2\/media\/2091"}],"wp:attachment":[{"href":"http:\/\/fernandabellicieri.com\/it\/wp-json\/wp\/v2\/media?parent=1581"}],"wp:term":[{"taxonomy":"category","embeddable":true,"href":"http:\/\/fernandabellicieri.com\/it\/wp-json\/wp\/v2\/categories?post=1581"},{"taxonomy":"post_tag","embeddable":true,"href":"http:\/\/fernandabellicieri.com\/it\/wp-json\/wp\/v2\/tags?post=1581"}],"curies":[{"name":"wp","href":"https:\/\/api.w.org\/{rel}","templated":true}]}}