{"id":1565,"date":"2022-04-18T13:38:10","date_gmt":"2022-04-18T16:38:10","guid":{"rendered":"http:\/\/fernandabellicieri.com\/sinto-muito\/"},"modified":"2022-08-27T17:56:01","modified_gmt":"2022-08-27T20:56:01","slug":"sinto-muito","status":"publish","type":"post","link":"http:\/\/fernandabellicieri.com\/it\/sinto-muito\/","title":{"rendered":"Sinto muito"},"content":{"rendered":"<p>Sinto que n\u00e3o houve o n\u00e3o dito<\/p>\n<p>Sinto que n\u00e3o houve\u2026<\/p>\n<p>O que sinto, \u00e9 que n\u00e3o ouvem\u2026<\/p>\n<p>Sinto muito<\/p>\n<p>Sinto que n\u00e3o houve palavras, gargantas e ouvidos,<\/p>\n<p>T\u00e3o necess\u00e1rios a esse peito<\/p>\n<p>Apertado: cinto<\/p>\n<p>Que sufoca essa fivela de engasgar ares e arrematar, sem paci\u00eancia,<\/p>\n<p>Peda\u00e7os meus, teus e outros,<\/p>\n<p>Generalizados,<\/p>\n<p>Amarrados, todos, de mesma sensa\u00e7\u00e3o<\/p>\n<p>Sufocados<\/p>\n<p>Sinto esse n\u00f3 afivelado, acinturando impot\u00eancias no peito<\/p>\n<p>Tum-tum<\/p>\n<p>Onomatop\u00e9ico, um peito, que n\u00e3o fala em met\u00e1fora:<\/p>\n<p>Tum-tum \u00e9 de oco, em tr\u00eas letras e pouco som<\/p>\n<p>A mesma fala que me falta na garganta<\/p>\n<p>Faringe? Laringe? Ou s\u00f3 o peito?<\/p>\n<p>Ou que me ocupa \u00e9 s\u00f3 a falta de ar?<\/p>\n<p>Ou culpa?<\/p>\n<div><img decoding=\"async\" class=\"aligncenter\" src=\"https:\/\/uploads-ssl.webflow.com\/5cf96b419c5f05509f54fbc1\/5e6935c69ccfb498cdbde0b8_co%CC%81pia%20de%20sinto5.png\" \/><\/div>\n<p>Talvez n\u00e3o faltam verbos, falta eco<\/p>\n<p>Ecoo:<\/p>\n<p>Tum-tum<\/p>\n<p>A dor se transforma, ao mundo, no oco de tr\u00eas letras explodindo um peito vazio<\/p>\n<p>Nada card\u00edaco<\/p>\n<p>Ecco<\/p>\n<p>Uma dor implantando ventr\u00edculos<\/p>\n<p>Ve\u00edculo: uma dor-muda<\/p>\n<p>Tum tum<\/p>\n<p>Que poderia germinar um mundo<\/p>\n<p>Sente?<\/p>\n<p>\u00c9 o sangue que me escorre e falta<\/p>\n<p>Sente?<\/p>\n<p>\u00c9 o cinto na garganta, que j\u00e1 aperta o peito<\/p>\n<p>Senta<\/p>\n<p>Um peso, bem aqui<\/p>\n<p>No ventr\u00edculo ventr\u00edloco que grita Tum Tum<\/p>\n<p>De peito aberto, n\u00e3o liberdade, mas navalha<\/p>\n<p>Sinto, sinto muito\u2026<\/p>\n<p>Mesmo que n\u00e3o valha<\/p>\n<p>E esse peito acinturado, domado \u00e0 correia, couro e fivela<\/p>\n<p>Esse peito n\u00e3o \u00e9 dado,<\/p>\n<p>N\u00e3o se classifica de sistemas m\u00e9dicos,<\/p>\n<p>Esse peito oco que ecoa<\/p>\n<p>Ecco<\/p>\n<p>Tum Tum<\/p>\n<p>\u200d<\/p>\n<div><img decoding=\"async\" class=\"aligncenter\" src=\"https:\/\/uploads-ssl.webflow.com\/5cf96b419c5f05509f54fbc1\/5e6935e01aae153a4d21d2f2_co%CC%81pia%20de%20sinto6.png\" \/><\/div>\n<p>Esse peito onomatop\u00e9ico e surdo-mudo<\/p>\n<p>Mudo ao mundo<\/p>\n<p>Muda o mundo<\/p>\n<p>Esse peito s\u00f3 sente que ressente<\/p>\n<p>Ressentido do recente que, pouco a pouco, \u00a0apaga-se das mem\u00f3rias<\/p>\n<p>Lembra o mundo??<\/p>\n<p>Era Tum Tum<\/p>\n<p>Ecco: agora \u00e9 oco<\/p>\n<p>\u00c9 mudo<\/p>\n<p>Esse peito \u00e9 l\u00edngua calada sem p\u00e1tria de morar<\/p>\n<p>Mas e o mundo?<\/p>\n<p>N\u00e3o de iluda<\/p>\n<p>J\u00e1 \u00e9 mudo o mundo<\/p>\n<p>N\u00e3o se muda<\/p>\n<p>Que mundo?<\/p>\n<p>In mundo<\/p>\n<p>Out Off All Ill Will Low Liu Lol<\/p>\n<p>Essa l\u00edngua que n\u00e3o diz nada<\/p>\n<p>Escorre letras do sangue que n\u00e3o bate mais o peito<\/p>\n<p>Minha l\u00edngua muda por pr\u00f3pria vontade<\/p>\n<p>\u00c9 muda na raiz:<\/p>\n<p>DNA e nenhuma das alternativas<\/p>\n<p>Minha l\u00edngua em rebeldia s\u00f3 pode ser sil\u00eancio;<\/p>\n<p>Que qualquer intento que se cuspa em s\u00edlaba n\u00e3o quer dizer mais nada<\/p>\n<p>Porque j\u00e1 n\u00e3o diz<\/p>\n<div><img decoding=\"async\" class=\"aligncenter\" src=\"https:\/\/uploads-ssl.webflow.com\/5cf96b419c5f05509f54fbc1\/5e6935adcfc673c4d5909ee3_co%CC%81pia%20de%20sinto4.png\" \/><\/div>\n<p>Por que j\u00e1 n\u00e3o diz que o mundo \u00e9 mudo porque finito?<\/p>\n<p>E mesmo vivos, todos j\u00e1 sabemos:<\/p>\n<p>A l\u00edngua letra muda, mas a hist\u00f3ria \u00e9 a mesma<\/p>\n<p>A l\u00edngua letra muda e Tutum:<\/p>\n<p>Estivemos sempre vivos, mas quase nada<\/p>\n<p>O avesso j\u00e1 faz vezes de si mesmo, e se soletra como seu contr\u00e1rio<\/p>\n<p>E se s\u00f3 letra, os significados s\u00e3o iguais<\/p>\n<p>Tum Tum Mut Mut<\/p>\n<p>Mute, off, in out<\/p>\n<p>E peito, acinturando-me, os peda\u00e7os desiguais, tornando-os uma s\u00f3 sensa\u00e7\u00e3o:<\/p>\n<p>Sinto muito<\/p>\n<p>Pelo que n\u00e3o se ouve \u00a0e<\/p>\n<p>Pelo que nunca foi dito<\/p>\n<p>Pelo apelo<\/p>\n<p>Pelo a pelo<\/p>\n<p>A mesma letra, mesma l\u00edngua que era um peito<\/p>\n<p>E hoje muda<\/p>\n<p>Muta<\/p>\n<p>Muito, sinto, que o desabafo tenha sido s\u00f3 a muda de uma garganta apertada<\/p>\n<p>\u200d<\/p>","protected":false},"excerpt":{"rendered":"<p>Sinto que n\u00e3o houve o n\u00e3o dito Sinto que n\u00e3o houve\u2026 O que sinto, \u00e9 que n\u00e3o ouvem\u2026 Sinto muito Sinto que n\u00e3o houve palavras, gargantas e ouvidos, T\u00e3o necess\u00e1rios a esse peito Apertado: cinto Que sufoca essa fivela de engasgar ares e arrematar, sem paci\u00eancia, Peda\u00e7os meus, teus e outros, Generalizados, Amarrados, todos, de [&hellip;]<\/p>\n","protected":false},"author":2,"featured_media":2122,"comment_status":"open","ping_status":"open","sticky":false,"template":"","format":"standard","meta":{"_et_pb_use_builder":"","_et_pb_old_content":"","_et_gb_content_width":"","footnotes":""},"categories":[50],"tags":[],"class_list":["post-1565","post","type-post","status-publish","format-standard","has-post-thumbnail","hentry","category-anima_in_cronica"],"_links":{"self":[{"href":"http:\/\/fernandabellicieri.com\/it\/wp-json\/wp\/v2\/posts\/1565","targetHints":{"allow":["GET"]}}],"collection":[{"href":"http:\/\/fernandabellicieri.com\/it\/wp-json\/wp\/v2\/posts"}],"about":[{"href":"http:\/\/fernandabellicieri.com\/it\/wp-json\/wp\/v2\/types\/post"}],"author":[{"embeddable":true,"href":"http:\/\/fernandabellicieri.com\/it\/wp-json\/wp\/v2\/users\/2"}],"replies":[{"embeddable":true,"href":"http:\/\/fernandabellicieri.com\/it\/wp-json\/wp\/v2\/comments?post=1565"}],"version-history":[{"count":0,"href":"http:\/\/fernandabellicieri.com\/it\/wp-json\/wp\/v2\/posts\/1565\/revisions"}],"wp:featuredmedia":[{"embeddable":true,"href":"http:\/\/fernandabellicieri.com\/it\/wp-json\/wp\/v2\/media\/2122"}],"wp:attachment":[{"href":"http:\/\/fernandabellicieri.com\/it\/wp-json\/wp\/v2\/media?parent=1565"}],"wp:term":[{"taxonomy":"category","embeddable":true,"href":"http:\/\/fernandabellicieri.com\/it\/wp-json\/wp\/v2\/categories?post=1565"},{"taxonomy":"post_tag","embeddable":true,"href":"http:\/\/fernandabellicieri.com\/it\/wp-json\/wp\/v2\/tags?post=1565"}],"curies":[{"name":"wp","href":"https:\/\/api.w.org\/{rel}","templated":true}]}}