{"id":1556,"date":"2022-04-18T13:38:10","date_gmt":"2022-04-18T16:38:10","guid":{"rendered":"http:\/\/fernandabellicieri.com\/em-asas\/"},"modified":"2022-08-27T18:01:05","modified_gmt":"2022-08-27T21:01:05","slug":"em-asas","status":"publish","type":"post","link":"http:\/\/fernandabellicieri.com\/it\/em-asas\/","title":{"rendered":"Em asas"},"content":{"rendered":"<p>Dem\u00f4nios, geralmente, possuem asas<\/p>\n<p>que n\u00e3o voam, que destoam<\/p>\n<p>Mas acalentam, de um modo outro&#8230;<\/p>\n<p>que n\u00e3o vemos e, quase sempre, nem sabemos<\/p>\n<p>Dem\u00f4nios voam asas que n\u00e3o entendemos,<\/p>\n<p>ou desistimos de entender, por medo&#8230;<\/p>\n<p>Simples medo de voar<\/p>\n<p>Dem\u00f4nios nos doam asas,<\/p>\n<p>Mas apenas se as permitimos<\/p>\n<p>porque dependem do que n\u00e3o queremos ver&#8230;<\/p>\n<figure class=\"w-richtext-figure-type-image w-richtext-align-normal\" data-rt-type=\"image\" data-rt-align=\"normal\">\n<div><img decoding=\"async\" src=\"https:\/\/uploads-ssl.webflow.com\/5cf96b419c5f05509f54fbc1\/5e35e401b393e2e9dff9b42d_ASAS-2%20-%20co%CC%81pia.png\" width=\"auto\" height=\"auto\" \/><\/div>\n<\/figure>\n<p>Nos voam de suas asas emprestadas, se permitimos<\/p>\n<p>Desmanchando-nos ocultos, trazendo-nos \u00e0 tona,<\/p>\n<p>em tons de luzes irrevers\u00edveis<\/p>\n<p>Dem\u00f4nios s\u00e3o em luz, e brilham&#8230; que cega<\/p>\n<p>Imposs\u00edvel admirar<\/p>\n<p>E a luz, irresist\u00edvel, chega \u00e0 dor<\/p>\n<p>Por isso os espreitamos, em pavor<\/p>\n<p>Fechamos olhos aos dem\u00f4nios&#8230;<\/p>\n<p>E ent\u00e3o, j\u00e1 somos cegos,<\/p>\n<p>condenados \u00e0 escurid\u00e3o por medo de enxerg\u00e1-los, nossos que s\u00e3o:<\/p>\n<p>de ossos e todas as carnes que nos possuem<\/p>\n<p>Dem\u00f4nios ousam o invis\u00edvel, o indiz\u00edvel;<\/p>\n<p>o que se quer ocultar.<\/p>\n<p>Mas dem\u00f4nios n\u00e3o mentem;<\/p>\n<p>e entristecem, quando lhes negamos retinas e desistimo-lhes a alma<\/p>\n<p>\u200d<\/p>\n<p>Encar\u00e1-los n\u00e3o nos vende, apenas nos rende<\/p>\n<p>a ponto de cedermos ao espelho que, \u00e0s duras penas,<\/p>\n<p>negando asas, fugidios, tentamos estilha\u00e7ar<\/p>\n<p>Encar\u00e1-los n\u00e3o nos venda, nem nos veda a pureza<\/p>\n<p>Em contr\u00e1rios, nos liberta&#8230;<\/p>\n<p>Que s\u00f3 se pode ser puro, desencantando ilus\u00f5es<\/p>\n<p>E dem\u00f4nios desencantam&#8230; nos decantam e, ent\u00e3o, somos livres<\/p>\n<p>Servem a isso, sim: ao compromisso com a verdade.<\/p>\n<p>Que, no fim, desde o come\u00e7o, o que chamamos dem\u00f4nios<\/p>\n<p>e pedimos que nos fujam, implorando perd\u00e3o&#8230;<\/p>\n<p>Ao fim, desde o sempre come\u00e7o, o que usamos dem\u00f4nios s\u00e3o apenas asas&#8230;<\/p>\n<p>S\u00e3o em penas, Anjos<\/p>\n<p>Se os enxergarmos e os libertarmos, eles voam<\/p>\n<p>E ent\u00e3o, entendendo-os pelo que verdadeiramente s\u00e3o,<\/p>\n<p>E de suas asas emprestadas<\/p>\n<p>N\u00e3o temeremos mais a verdade,<\/p>\n<p>E, voaremos, como eles: s\u00e3os<\/p>\n<p>\u200d<\/p>","protected":false},"excerpt":{"rendered":"<p>Dem\u00f4nios, geralmente, possuem asas que n\u00e3o voam, que destoam Mas acalentam, de um modo outro&#8230; que n\u00e3o vemos e, quase sempre, nem sabemos Dem\u00f4nios voam asas que n\u00e3o entendemos, ou desistimos de entender, por medo&#8230; Simples medo de voar Dem\u00f4nios nos doam asas, Mas apenas se as permitimos porque dependem do que n\u00e3o queremos ver&#8230; [&hellip;]<\/p>\n","protected":false},"author":2,"featured_media":2141,"comment_status":"open","ping_status":"open","sticky":false,"template":"","format":"standard","meta":{"_et_pb_use_builder":"","_et_pb_old_content":"","_et_gb_content_width":"","footnotes":""},"categories":[50],"tags":[],"class_list":["post-1556","post","type-post","status-publish","format-standard","has-post-thumbnail","hentry","category-anima_in_cronica"],"_links":{"self":[{"href":"http:\/\/fernandabellicieri.com\/it\/wp-json\/wp\/v2\/posts\/1556","targetHints":{"allow":["GET"]}}],"collection":[{"href":"http:\/\/fernandabellicieri.com\/it\/wp-json\/wp\/v2\/posts"}],"about":[{"href":"http:\/\/fernandabellicieri.com\/it\/wp-json\/wp\/v2\/types\/post"}],"author":[{"embeddable":true,"href":"http:\/\/fernandabellicieri.com\/it\/wp-json\/wp\/v2\/users\/2"}],"replies":[{"embeddable":true,"href":"http:\/\/fernandabellicieri.com\/it\/wp-json\/wp\/v2\/comments?post=1556"}],"version-history":[{"count":0,"href":"http:\/\/fernandabellicieri.com\/it\/wp-json\/wp\/v2\/posts\/1556\/revisions"}],"wp:featuredmedia":[{"embeddable":true,"href":"http:\/\/fernandabellicieri.com\/it\/wp-json\/wp\/v2\/media\/2141"}],"wp:attachment":[{"href":"http:\/\/fernandabellicieri.com\/it\/wp-json\/wp\/v2\/media?parent=1556"}],"wp:term":[{"taxonomy":"category","embeddable":true,"href":"http:\/\/fernandabellicieri.com\/it\/wp-json\/wp\/v2\/categories?post=1556"},{"taxonomy":"post_tag","embeddable":true,"href":"http:\/\/fernandabellicieri.com\/it\/wp-json\/wp\/v2\/tags?post=1556"}],"curies":[{"name":"wp","href":"https:\/\/api.w.org\/{rel}","templated":true}]}}