{"id":1533,"date":"2022-04-18T13:38:09","date_gmt":"2022-04-18T16:38:09","guid":{"rendered":"http:\/\/fernandabellicieri.com\/historia-das-rosas\/"},"modified":"2022-08-27T18:31:35","modified_gmt":"2022-08-27T21:31:35","slug":"historia-das-rosas","status":"publish","type":"post","link":"http:\/\/fernandabellicieri.com\/it\/historia-das-rosas\/","title":{"rendered":"Hist\u00f3ria das Rosas"},"content":{"rendered":"<p>Estive pensando sobre a hist\u00f3ria das rosas&#8230;<\/p>\n<p>em como se morre em tr\u00eas dias.<\/p>\n<p>\u00c0s vezes em mais, ou menos; mas nunca al\u00e9m de uma semana.<\/p>\n<p>N\u00e3o se morre mais ou menos.<\/p>\n<p>Estive pensando em espinhos e em quanto d\u00f3i t\u00ea-los incrustados \u00e0 superf\u00edcie.<\/p>\n<p>Espinhos devem ser entranhas, n\u00e3o apenas superficiais.<\/p>\n<p>A dor de fora, no outro, \u00e9 s\u00f3 reflexo.<\/p>\n<p>Doem mais, muito mais l\u00e1 dentro, na alma das rosas.<\/p>\n<p>Sabe,<\/p>\n<p>elas s\u00f3 parecem exuberantes<\/p>\n<p>Um segredo?<\/p>\n<p>Rosas perecem.<\/p>\n<p>N\u00e3o se pode dizer que rosas s\u00e3o belas, elas est\u00e3o belas.<\/p>\n<p>N\u00e3o conviva com rosas mais que tr\u00eas dias.<\/p>\n<p>\u00c9 decepcionante&#8230;<\/p>\n<p>\u200d<\/p>\n<p>Por isso elas cabem solit\u00e1rias,<\/p>\n<p>n\u00e3o necessitam buqu\u00eas ou agrados do coletivo.<\/p>\n<p>A beleza das rosas est\u00e1 nessa sua solid\u00e3o.<\/p>\n<p>\u200d<\/p>\n<p>J\u00e1 reparou, que muitas rosas juntas, envasadas, competem?<\/p>\n<p>Morrem mais cedo, at\u00e9.<\/p>\n<p>\u00c9&#8230; coisas da natureza, que \u00e9 s\u00e1bia,<\/p>\n<p>mas n\u00e3o justa ou feliz.<\/p>\n<p>Rosas deveriam durar para sempre&#8230;<\/p>\n<p>Ou n\u00e3o.<\/p>\n<p>Elas s\u00e3o absolutamente substitu\u00edveis.<\/p>\n<p>J\u00e1 se viu, rosa ter nome, identidade ou tal?<\/p>\n<p>Morreu uma, &nbsp;j\u00e1 outra est\u00e1 l\u00e1 para repor,<\/p>\n<p>regozijar olhares de almas que n\u00e3o t\u00eam espinhos, almas ilesas.<\/p>\n<p>Almas que nem se importar\u00e3o com o sumi\u00e7o das rosas mortas, ou a velhice das estragadas.<\/p>\n<p>Pra que notar?<\/p>\n<p>Dia mais, l\u00e1 est\u00e1 uma outra: nova cor , perfume mais intenso.<\/p>\n<p>Ou n\u00e3o&#8230;<\/p>\n<p>Afinal, quem se lembra do perfume das rosas de passado para comparar?<\/p>\n<p>\u00c9, verdade que se diz que perfume n\u00e3o se esquece,<\/p>\n<p>mas perfume de rosas deve ser hom\u00f4nimo, an\u00f4nimo, &nbsp;deve ser quase tudo igual.<\/p>\n<p>Por isso a rosa recente vai cheirar mais alto, ter as mais belas cores &nbsp;&#8230;<\/p>\n<p>e os mais francos espinhos.<\/p>\n<p>Porque ela sabe, que dali a tr\u00eas dias, n\u00e3o mais ou menos,<\/p>\n<p>dali a tr\u00eas dias, j\u00e1 n\u00e3o mais existir\u00e1.<\/p>\n<p>As rosas nem conhecem o pr\u00f3prio perfume.<\/p>\n<p>Para que notas, se dali a tr\u00eas dias?&#8230;<\/p>\n<p>Estive pensando na trajet\u00f3ria das rosas e em qu\u00e3o coloridas se disfar\u00e7am.<\/p>\n<p>Seu luto \u00e9 em cor.<\/p>\n<p>Estive pensando em como morrer em tr\u00eas dias, em cores.<\/p>\n<p>Como morrer sorrindo.<\/p>\n<p>Em um vale onde realmente vale-se de eternidades,<\/p>\n<p>e rosas n\u00e3o s\u00e3o desabotoadas de sua luz natural, nem sua beleza perfumada.<\/p>\n<p>Como se morre em eternidades?<\/p>\n<p>Devia-se &nbsp;nunca morrer deixando &nbsp;passado e mem\u00f3ria em preto e branco.<\/p>\n<p>Devia-se nunca morrer.<\/p>\n<p>Estive pensando em rosas,<\/p>\n<p>N\u00f3s que as matamos?<\/p>\n<p>Talvez elas n\u00e3o devessem caber solit\u00e1rias,<\/p>\n<p>dignas de seus espinhos incrustados na alma.<\/p>\n<p>Talvez elas devessem viver em bandos, livres, de seus campos indom\u00e1veis.<\/p>\n<p>Rosas jamais deveriam ser colhidas ou escolhidas.<\/p>\n<p>Rosas e seu perfume perdem a beleza se pertencerem a algu\u00e9m.<\/p>\n<p>Elas morrem, dali a tr\u00eas dias&#8230;<\/p>\n<p>Lembra, ainda hist\u00f3ria das rosas?<\/p>\n<p>Agora s\u00f3 se usa pl\u00e1stico.<\/p>\n<p>Sufoc\u00e1-las \u00e9 a melhor sa\u00edda.<\/p>\n<p>Sofrem menos&#8230;<\/p>\n<p>\u200d<\/p>","protected":false},"excerpt":{"rendered":"<p>Estive pensando sobre a hist\u00f3ria das rosas&#8230; em como se morre em tr\u00eas dias. \u00c0s vezes em mais, ou menos; mas nunca al\u00e9m de uma semana. N\u00e3o se morre mais ou menos. Estive pensando em espinhos e em quanto d\u00f3i t\u00ea-los incrustados \u00e0 superf\u00edcie. Espinhos devem ser entranhas, n\u00e3o apenas superficiais. A dor de fora, [&hellip;]<\/p>\n","protected":false},"author":2,"featured_media":2912,"comment_status":"open","ping_status":"open","sticky":false,"template":"","format":"standard","meta":{"_et_pb_use_builder":"","_et_pb_old_content":"","_et_gb_content_width":"","footnotes":""},"categories":[50],"tags":[],"class_list":["post-1533","post","type-post","status-publish","format-standard","has-post-thumbnail","hentry","category-anima_in_cronica"],"_links":{"self":[{"href":"http:\/\/fernandabellicieri.com\/it\/wp-json\/wp\/v2\/posts\/1533","targetHints":{"allow":["GET"]}}],"collection":[{"href":"http:\/\/fernandabellicieri.com\/it\/wp-json\/wp\/v2\/posts"}],"about":[{"href":"http:\/\/fernandabellicieri.com\/it\/wp-json\/wp\/v2\/types\/post"}],"author":[{"embeddable":true,"href":"http:\/\/fernandabellicieri.com\/it\/wp-json\/wp\/v2\/users\/2"}],"replies":[{"embeddable":true,"href":"http:\/\/fernandabellicieri.com\/it\/wp-json\/wp\/v2\/comments?post=1533"}],"version-history":[{"count":0,"href":"http:\/\/fernandabellicieri.com\/it\/wp-json\/wp\/v2\/posts\/1533\/revisions"}],"wp:featuredmedia":[{"embeddable":true,"href":"http:\/\/fernandabellicieri.com\/it\/wp-json\/wp\/v2\/media\/2912"}],"wp:attachment":[{"href":"http:\/\/fernandabellicieri.com\/it\/wp-json\/wp\/v2\/media?parent=1533"}],"wp:term":[{"taxonomy":"category","embeddable":true,"href":"http:\/\/fernandabellicieri.com\/it\/wp-json\/wp\/v2\/categories?post=1533"},{"taxonomy":"post_tag","embeddable":true,"href":"http:\/\/fernandabellicieri.com\/it\/wp-json\/wp\/v2\/tags?post=1533"}],"curies":[{"name":"wp","href":"https:\/\/api.w.org\/{rel}","templated":true}]}}