{"id":1530,"date":"2022-04-18T13:38:09","date_gmt":"2022-04-18T16:38:09","guid":{"rendered":"http:\/\/fernandabellicieri.com\/chovia\/"},"modified":"2022-08-27T18:13:12","modified_gmt":"2022-08-27T21:13:12","slug":"chovia","status":"publish","type":"post","link":"http:\/\/fernandabellicieri.com\/it\/chovia\/","title":{"rendered":"Chovia"},"content":{"rendered":"<p>CHOVIA<\/p>\n<p>CHOVIA EM CORES SOB O OLHAR DESATENTO DO SOL<\/p>\n<p>QUE TUDO V\u00ca E NADA PODE<\/p>\n<p>OU TUDO PODE E NADA V\u00ca<\/p>\n<p>\u00c9 \u00a0A MESMA COISA&#8230;<\/p>\n<p class=\"w-richtext-figure-type-image w-richtext-align-floatleft\" data-rt-type=\"image\" data-rt-align=\"floatleft\"><img decoding=\"async\" class=\"alignright\" src=\"https:\/\/uploads-ssl.webflow.com\/5cf96b419c5f05509f54fbc1\/5e4dc0ac0484adf634591627_chovia1%20-%20co%CC%81pia.png\" \/><\/p>\n<p>CHOVIA<\/p>\n<p>E O C\u00c9U IMPUNHA UMA PAZ T\u00c3O RARA&#8230;<\/p>\n<p>EMPUNHANDO QUASE ARMA<\/p>\n<p>SEU BATISMO DE \u00c1GUAS TURVAS<\/p>\n<p>CHOVIA<\/p>\n<p>E A VIDA N\u00c3O P\u00d4DE ESPERAR<\/p>\n<p>N\u00c3O POR ELA, DE SUA SEMPRE PRESSA<\/p>\n<p>N\u00c3O POR ELA, QUE ERA SEMPRE PRESA<\/p>\n<p>V\u00cdTIMA DE S\u00d3IS E LUAS,<\/p>\n<p>QUE EM ESTA\u00c7\u00c3O ALGUMA PARAVAM DE NASCER-MORRER<\/p>\n<p>CHOVIA<\/p>\n<p>E O DIA ERA T\u00c3O TRISTE<\/p>\n<p>T\u00c3O EM CORES E T\u00c3O GRITANTE<\/p>\n<p>QUE A VIDA N\u00c3O P\u00d4DE ESPERAR<\/p>\n<p>N\u00c3O POR ELA, QUE ERA T\u00c3O CINZA<\/p>\n<p>E N\u00c3O TINHA ASAS<\/p>\n<p>E \u00a0JAMAIS ALCAN\u00c7ARIA OS PR\u00d3PRIOS SONHOS<\/p>\n<p>T\u00c3O ALI&#8230; ENTRELA\u00c7ADOS NA CABE\u00c7A, TECIDOS UM A UM<\/p>\n<p>T\u00c0O ALI, QUE ELA QUASE P\u00d4DE TOC\u00c1-LOS<\/p>\n<p>T\u00c3O ALI&#8230; T\u00c3O ALTO&#8230;<\/p>\n<p>PARA ELA, QUE NUNCA TEVE ASAS<\/p>\n<div><img decoding=\"async\" class=\"alignright\" src=\"https:\/\/uploads-ssl.webflow.com\/5cf96b419c5f05509f54fbc1\/5e4dc17f0484adb7895940eb_chovia2%20-%20co%CC%81pia.png\" \/><\/div>\n<p>E CHOVIA<\/p>\n<p>E ERA UM DIA COMUM<\/p>\n<p>COMO QUALQUER OUTRO QUE VEIO E VIR\u00c1,<\/p>\n<p>DE PULSOS E PAUSAS<\/p>\n<p>E FALTAS DE PUNHOS<\/p>\n<p>E PULSOS E PAUSAS<\/p>\n<p>E CORA\u00c7\u00d5ES<\/p>\n<p>E CHOVIA&#8230;<\/p>\n<p>EM CORA\u00c7\u00c3O E SANGUE,<\/p>\n<p>QUE PODIAM-SE MORTE OU POEMA<\/p>\n<p>E CHOVIA<\/p>\n<p>T\u00c3O FLUIDO E CORRENTE<\/p>\n<p>QUANTO A VIDA<\/p>\n<p>T\u00c3O FLUXO E COERENTE<\/p>\n<p>QUANTO A MORTE<\/p>\n<p>T\u00c3O VULTO E DESCASO<\/p>\n<p>QUANTO A SORTE<\/p>\n<p>T\u00c3O ABRUPTO E TEMPESTADE<\/p>\n<p>QUANTO CORTE<\/p>\n<p>E CHOVIA&#8230;<\/p>\n<p>E AS NUVENS CARREGARAM-SE TAL ALMA E DISPARAVAM-SE MUNIDAS,<\/p>\n<p>ARMAS LETAIS \u00c0 IMPACI\u00caNCIA CR\u00d4NICA DAS CORES VIVAS QUE ELA N\u00c3O VIA<\/p>\n<p>MAS HAVIA,<\/p>\n<p>QUE CHOVIA EM CORES<\/p>\n<p>INUNDANDO-LHE O ESP\u00cdRITO SEM TR\u00c9GUA, INCANS\u00c1VEL<\/p>\n<p>COMO O SOL QUE TUDO PODE E NADA V\u00ca<\/p>\n<p>OU TUDO V\u00ca E NADA PODE<\/p>\n<p>O SOL QUE NASCE E MORRE TODO DIA-NOITE<\/p>\n<p>O SOL QUE ELA ESQUECIA NAS ESCURID\u00d5ES,<\/p>\n<p>MAS QUE SABIA, JAMAIS FECHAVA OS OLHOS<\/p>\n<p>CHOVIA&#8230;<\/p>\n<p>E A TERRA GIRAVA CORES<\/p>\n<p>TAL SUA GUERRA CINZA DE CALAR ALMA USANDO-A, ELA PR\u00d3PRIA,<\/p>\n<p>ARMA APONTADA NA CABE\u00c7A<\/p>\n<p>A MESMA ALMA QUE GUARDAVA-LHE OS SONHOS T\u00c3O ALTOS<\/p>\n<p>A MESMA ARMA, GUARDANDO-LHE OS SONHOS, T\u00c3O ALTOS<\/p>\n<p>A MESMA ARMA,<\/p>\n<p>A PR\u00d3PRIA ALMA<\/p>\n<p>E CHOVIA<\/p>\n<p>E ELA S\u00d3 PODIA PENSAR EM DESCARREGAR-SE DOS SENTIDOS<\/p>\n<p>E DAS FALTAS DE SENTIDO<\/p>\n<p>ELA, QUE TIVERA ASAS&#8230;<\/p>\n<p>E NUNCA AS TERIA<\/p>\n<p>ELA, QUE TEMIA A CHUVA E OS S\u00d3IS<\/p>\n<p>E A VIDA E A MORTE<\/p>\n<p>E A MORTE EM VIDA<\/p>\n<p>ELA QUE TEMIA,<\/p>\n<p>ELA CINZA, CHOVIA EM CORES<\/p>\n<div><img decoding=\"async\" class=\"alignright\" src=\"https:\/\/uploads-ssl.webflow.com\/5cf96b419c5f05509f54fbc1\/5e4dc0ac0484adf634591627_chovia1%20-%20co%CC%81pia.png\" \/><\/div>\n<p>ELA QUE NUNCA CHORAVA<\/p>\n<p>N\u00c3O AMAVA OU ODIAVA<\/p>\n<p>ELA QUE S\u00d3 TINHA SONHOS<\/p>\n<p>ELA ALI.. T\u00c3O ALTO<\/p>\n<p>T\u00c3O SALTO<\/p>\n<p>T\u00c3O P\u00c9S NO CH\u00c3O<\/p>\n<p>E CHOVIA,<\/p>\n<p>EM ASSALTO A SUA TODA VONTADE DE ASAS<\/p>\n<p>ELA QUE JAMAIS TERIA ASAS E GUARDAVA OS SONHOS T\u00c3O C\u00c9US ACIMA<\/p>\n<p>T\u00c3O JUNTO AO SOL, QUE TUDO VIA E NADA PODIA<\/p>\n<p>ELA QUE QUASE QUEIMAVA<\/p>\n<p>ELA, QUE ERA CINZA&#8230;<\/p>\n<p>E CHOVIA<\/p>\n<p>E NEM S\u00d3IS OU NUVENS ARMADAS PUDERAM DET\u00ca-LA<\/p>\n<p>ELA, QUE N\u00c3O ERA OBRIGADA A NADA<\/p>\n<p>ELA QUE ERA VULTO, QUIS-SE DE VOLTA<\/p>\n<p>ELA QUE ERA CINZA,<\/p>\n<p>EMBRIAGOU-SE DE COR<\/p>\n<p>SOB O OLHAR DESATENTO DO SOL E S\u00d3IS,<\/p>\n<p>QUE VIRIAM E SE FORAM,<\/p>\n<p>S\u00d3IS QUE NASCIAM E MORRIAM TODO DIA<\/p>\n<p>S\u00d3IS QUE ERA S\u00d3S<\/p>\n<p>E S\u00d3IS QUE ERA \u00daNICOS<\/p>\n<p>ELA, QUE NASCIA MORRIA TODO DIA<\/p>\n<p>ELA QUE N\u00c3O CHORAVA OU AMAVA<\/p>\n<p>E ERA CINZA<\/p>\n<p>ELA&#8230; SANGROU<\/p>\n<p>COM A CHUVA APONTADA \u00c0 CABE\u00c7A,<\/p>\n<p>EMBRIAGANDO TODOS OS SONHOS, QUE ELA, QUE N\u00c3O TINHA ASAS<\/p>\n<p>JAMAIS ALCAN\u00c7ARIA<\/p>\n<p>CHOVIA,<\/p>\n<p>E ELA QUE N\u00c3O TINHA ASAS, SALTOU<\/p>\n<p>SOB O OLHAR DESATENTO DO SOL, QUE SURPREENDEU-SE<\/p>\n<p>SOB O FIRMAMENTO DESALENTO DO C\u00c9U,<\/p>\n<p>QUE SECOU DE S\u00daBITO SUA CHUVA COLORIDA, EM DOR<\/p>\n<p>ELA QUE ERA CINZA, TEVE ASAS<\/p>\n<p>ELA QUE ERA CINZA, VOOU<\/p>\n<p>AS NUVENS ARMADAS NA CABE\u00c7A,<\/p>\n<p>DESCARREGANDO TODOS OS SONHOS<\/p>\n<p>ELA, QUASE UM ANJO,<\/p>\n<p>TOCOU O CH\u00c3O DE SEU DESTINO<\/p>\n<p>ELA, QUASE UM ANJO&#8230; ERA CINZAS<\/p>\n<p>E CHOVIA<\/p>\n<p>E O FIRMAMENTO CALOU SEU PRANTO TEMPESTADE<\/p>\n<p>E OS SONHOS DELA, ELA QUE NEM TINHA ASAS,<\/p>\n<p>OS SONHOS \u00d3RF\u00c3OS PLANTARAM-SE NO CH\u00c3O<\/p>\n<p>E CHOVIA E N\u00c3O CHOVIA<\/p>\n<p>ASSIM COMO VIDA \u00c9 MORTE<\/p>\n<p>MORTE EM VIDA<\/p>\n<p>E FINS S\u00c3O SEMENTES<\/p>\n<p>OS SONHOS EM CINZAS, COLORIDOS, MAS DESISTENTES,<\/p>\n<p>SEMEARAM UM TODO CAMPO<\/p>\n<p>E ASSIM COMO O SOL QUE NASCE MORRE TODO DIA<\/p>\n<p>ELA CINZA, ELA QUE NEM TEVE ASAS<\/p>\n<p>ELA, QUE DESAPRENDEU DE VOAR,<\/p>\n<p>COLORIU VERDE \u00c1GUA QUE N\u00c3O TINHA,<\/p>\n<p>A TERRA QUE N\u00c3O PARAVA DE GIRAR<\/p>\n<p>E CHOVIA,<\/p>\n<p>E CHOVERIA,<\/p>\n<p>SOB O OLHAR DESATENTO DO SOL<\/p>\n<p>E O SOL QUE TUDO PODE E NADA V\u00ca<\/p>\n<p>OU TUDO V\u00ca E NADA PODE<\/p>\n<p>ELA, QUE SEMPRE FOI CINZA,<\/p>\n<p>ELA QUE SEMPRE SONHOU,<\/p>\n<p>ELA SEM ASAS,<\/p>\n<p>DESARMOU SEUS SONHOS ASSIM, EM COR<\/p>\n<p>IN MEMORIAN&#8230;<\/p>\n<p>\u200d<\/p>","protected":false},"excerpt":{"rendered":"<p>CHOVIA CHOVIA EM CORES SOB O OLHAR DESATENTO DO SOL QUE TUDO V\u00ca E NADA PODE OU TUDO PODE E NADA V\u00ca \u00c9 \u00a0A MESMA COISA&#8230; CHOVIA E O C\u00c9U IMPUNHA UMA PAZ T\u00c3O RARA&#8230; EMPUNHANDO QUASE ARMA SEU BATISMO DE \u00c1GUAS TURVAS CHOVIA E A VIDA N\u00c3O P\u00d4DE ESPERAR N\u00c3O POR ELA, DE SUA [&hellip;]<\/p>\n","protected":false},"author":2,"featured_media":2161,"comment_status":"open","ping_status":"open","sticky":false,"template":"","format":"standard","meta":{"_et_pb_use_builder":"","_et_pb_old_content":"","_et_gb_content_width":"","footnotes":""},"categories":[50],"tags":[],"class_list":["post-1530","post","type-post","status-publish","format-standard","has-post-thumbnail","hentry","category-anima_in_cronica"],"_links":{"self":[{"href":"http:\/\/fernandabellicieri.com\/it\/wp-json\/wp\/v2\/posts\/1530","targetHints":{"allow":["GET"]}}],"collection":[{"href":"http:\/\/fernandabellicieri.com\/it\/wp-json\/wp\/v2\/posts"}],"about":[{"href":"http:\/\/fernandabellicieri.com\/it\/wp-json\/wp\/v2\/types\/post"}],"author":[{"embeddable":true,"href":"http:\/\/fernandabellicieri.com\/it\/wp-json\/wp\/v2\/users\/2"}],"replies":[{"embeddable":true,"href":"http:\/\/fernandabellicieri.com\/it\/wp-json\/wp\/v2\/comments?post=1530"}],"version-history":[{"count":0,"href":"http:\/\/fernandabellicieri.com\/it\/wp-json\/wp\/v2\/posts\/1530\/revisions"}],"wp:featuredmedia":[{"embeddable":true,"href":"http:\/\/fernandabellicieri.com\/it\/wp-json\/wp\/v2\/media\/2161"}],"wp:attachment":[{"href":"http:\/\/fernandabellicieri.com\/it\/wp-json\/wp\/v2\/media?parent=1530"}],"wp:term":[{"taxonomy":"category","embeddable":true,"href":"http:\/\/fernandabellicieri.com\/it\/wp-json\/wp\/v2\/categories?post=1530"},{"taxonomy":"post_tag","embeddable":true,"href":"http:\/\/fernandabellicieri.com\/it\/wp-json\/wp\/v2\/tags?post=1530"}],"curies":[{"name":"wp","href":"https:\/\/api.w.org\/{rel}","templated":true}]}}